{"id":3215,"date":"2026-03-29T10:00:49","date_gmt":"2026-03-29T10:00:49","guid":{"rendered":"https:\/\/www.adrovi.org\/web\/?p=3215"},"modified":"2026-03-29T10:03:21","modified_gmt":"2026-03-29T10:03:21","slug":"dia-nacional-del-trasplante-2","status":"publish","type":"post","link":"https:\/\/www.adrovi.org\/web\/dia-nacional-del-trasplante-2\/","title":{"rendered":"D\u00eda nacional del trasplante"},"content":{"rendered":"\n<figure class=\"wp-block-image size-large\"><a href=\"https:\/\/www.adrovi.org\/web\/wp-content\/uploads\/2026\/03\/IMG-20260325-WA0005.jpg\"><img loading=\"lazy\" decoding=\"async\" width=\"1024\" height=\"768\" src=\"https:\/\/www.adrovi.org\/web\/wp-content\/uploads\/2026\/03\/IMG-20260325-WA0005-1024x768.jpg\" alt=\"\" class=\"wp-image-3216\" srcset=\"https:\/\/www.adrovi.org\/web\/wp-content\/uploads\/2026\/03\/IMG-20260325-WA0005-1024x768.jpg 1024w, https:\/\/www.adrovi.org\/web\/wp-content\/uploads\/2026\/03\/IMG-20260325-WA0005-300x225.jpg 300w, https:\/\/www.adrovi.org\/web\/wp-content\/uploads\/2026\/03\/IMG-20260325-WA0005-768x576.jpg 768w, https:\/\/www.adrovi.org\/web\/wp-content\/uploads\/2026\/03\/IMG-20260325-WA0005-1536x1152.jpg 1536w, https:\/\/www.adrovi.org\/web\/wp-content\/uploads\/2026\/03\/IMG-20260325-WA0005.jpg 1600w\" sizes=\"auto, (max-width: 1024px) 100vw, 1024px\" \/><\/a><\/figure>\n\n\n\n<h1 class=\"wp-block-heading\"><br>Manuel Mart\u00ednez P\u00e9rez recibi\u00f3 un ri\u00f1\u00f3n hace 14 a\u00f1os: \u00abHay que dar ejemplo a la sociedad\u00bb<\/h1>\n\n\n\n<figure class=\"wp-block-image\"><img decoding=\"async\" src=\"https:\/\/img.lavdg.com\/sc\/Dt5hz8aBPVcvdMvgJ7XU4Af8LPA=\/75x75\/perfiles\/173\/1422315476511_thumb.jpg\" alt=\"Cristina Barral Di\u00e9guez\"\/><\/figure>\n\n\n\n<p><a href=\"https:\/\/www.lavozdegalicia.es\/firmas\/cristina-barral-dieguez\">Cristina Barral<\/a><\/p>\n\n\n\n<h2 class=\"wp-block-heading\"><a href=\"https:\/\/www.lavozdegalicia.es\/vigo\/vigo\">VIGO CIUDAD<\/a><\/h2>\n\n\n\n<figure class=\"wp-block-image\"><img decoding=\"async\" src=\"https:\/\/img.lavdg.com\/sc\/wj6Ubr0zP543MI4wvoV86MR1VFo=\/480x\/2026\/03\/25\/00121774451341628894987\/Foto\/PM26C5F2_16711.jpg\" alt=\"Manuel Mart\u00ednez P\u00e9rez, con la bata blanca de la asociaci\u00f3n Adrovi, este mi\u00e9rcoles en el exterior del Hospital Provincial de Pontevedra\"\/><\/figure>\n\n\n\n<p>Manuel Mart\u00ednez P\u00e9rez, con la bata blanca de la asociaci\u00f3n Adrovi, este mi\u00e9rcoles en el exterior del Hospital Provincial de Pontevedra&nbsp;<strong>MIGUEL PUEBLA<\/strong><\/p>\n\n\n\n<h3 class=\"wp-block-heading\">Trabaj\u00f3 toda su vida en los astilleros Hijos de J. Barreras hasta que se prejubil\u00f3. Este mi\u00e9rcoles particip\u00f3 en Pontevedra en el homenaje a los coordinadores de trasplantes: \u00abPreocupado est\u00e1s siempre porque los \u00f3rganos tienen una vida\u00bb<\/h3>\n\n\n\n<p><strong>26 mar 2026<\/strong>&nbsp;. Actualizado a las 05:00 h.<\/p>\n\n\n\n<p><a href=\"https:\/\/api.whatsapp.com\/send?text=https:\/\/www.lavozdegalicia.es\/noticia\/vigo\/vigo\/2026\/03\/26\/manuel-martinez-recibio-rinon-14-anos-dar-ejemplo\/0003_202603P26C5992.htm?utm_source=whatsapp%26utm_medium=referral%26utm_campaign=share%26utm_content=0003_202603P26C5992\"><\/a><a href=\"mailto:?subject=Esta%20noticia%20de%20La%20Voz%20te%20puede%20interesar&amp;body=Manuel%20Mart%C3%ADnez%20P%C3%A9rez%20recibi%C3%B3%20un%20ri%C3%B1%C3%B3n%20hace%2014%20a%C3%B1os:%20%C2%ABHay%20que%20dar%20ejemplo%20a%20la%20sociedad%C2%BB%20https:\/\/www.lavozdegalicia.es\/noticia\/vigo\/vigo\/2026\/03\/26\/manuel-martinez-recibio-rinon-14-anos-dar-ejemplo\/0003_202603P26C5992.htm?utm_source=email%26utm_medium=referral%26utm_campaign=share%26utm_content=0003_202603P26C5992\"><\/a><a href=\"https:\/\/www.facebook.com\/sharer\/sharer.php?u=https:\/\/www.lavozdegalicia.es\/noticia\/vigo\/vigo\/2026\/03\/26\/manuel-martinez-recibio-rinon-14-anos-dar-ejemplo\/0003_202603P26C5992.htm?utm_source=facebook.com%26utm_medium=referral%26utm_campaign=share%26utm_content=0003_202603P26C5992\"><\/a><a href=\"https:\/\/twitter.com\/intent\/tweet?text=https:\/\/www.lavozdegalicia.es\/noticia\/vigo\/vigo\/2026\/03\/26\/manuel-martinez-recibio-rinon-14-anos-dar-ejemplo\/0003_202603P26C5992.htm?utm_source=t.co%26utm_medium=referral%26utm_campaign=share%26utm_content=0003_202603P26C5992\"><\/a><\/p>\n\n\n\n<p><a href=\"https:\/\/www.lavozdegalicia.es\/noticia\/vigo\/vigo\/2026\/03\/26\/manuel-martinez-recibio-rinon-14-anos-dar-ejemplo\/0003_202603P26C5992.htm#comments\">Comentar \u00b7&nbsp;0<\/a><\/p>\n\n\n\n<p><strong>Manuel Mart\u00ednez P\u00e9rez<\/strong>&nbsp;lleva m\u00e1s de catorce a\u00f1os viviendo con un ri\u00f1\u00f3n donado. Este mi\u00e9rcoles, media hora antes del acto por el&nbsp;<strong>D\u00eda Nacional del Trasplante<\/strong>, ayudaba a montar la infraestructura en el jard\u00edn del Hospital Provincial. Manuel, de 73 a\u00f1os, cuenta que naci\u00f3 en Arnoia (Ourense), pero que a los 20 a\u00f1os se fue a vivir a Vigo. Desde hace m\u00e1s de diez a\u00f1os acompa\u00f1a a&nbsp;<strong>Celso Garc\u00eda<\/strong>, presidente de la asociaci\u00f3n Adrovi, all\u00ed donde va siempre que puede. \u00abConoc\u00eda a un hermano de Celso.&nbsp;<strong>Le hago de ch\u00f3fer porque \u00e9l no conduce<\/strong>. Hay que dar ejemplo a la sociedad\u00bb, dice.<\/p>\n\n\n\n<p>Ese ejemplo es el de dar vida a otros cuando esta se apaga. En su caso, todo empez\u00f3, muchos a\u00f1os antes de recibir el trasplante, en el psicot\u00e9cnico para el carn\u00e9 de conducir. \u00abTen\u00eda 29 a\u00f1os y me dijeron que ten\u00eda la tensi\u00f3n alta. Como trabajaba en una empresa grande me vieron y me mandaron al m\u00e9dico de cabecera\u00bb, rememora. En el hospital Xeral de Vigo se estaban creando entonces una unidad de hipertensi\u00f3n y lo derivan all\u00ed. \u00abTuve un tratamiento para la hipertensi\u00f3n durante muchos a\u00f1os hasta que en una anal\u00edtica vieron algo raro y me mandaron al nefr\u00f3logo\u00bb.&nbsp;<strong>En el 2008 empez\u00f3 con di\u00e1lisis peritoneal en su casa<\/strong>. En menos de un a\u00f1o el l\u00edquido le lleg\u00f3 al pulm\u00f3n y comenz\u00f3 con la hemodi\u00e1lisis en el hospital. \u00abTres d\u00edas a la semana, cuatro horas\u00bb. As\u00ed estuvo a\u00f1o y medio cuando una madrugada son\u00f3 el tel\u00e9fono. Hab\u00eda un ri\u00f1\u00f3n para \u00e9l. \u00ab<strong>El donante ten\u00eda 48 a\u00f1os. Y me funcion\u00f3 hasta ahora<\/strong>\u00bb, dice Manuel.<\/p>\n\n\n\n<p>No oculta su temor por unos niveles de creatinina. \u00ab<strong>Preocupado est\u00e1s siempre que hay un trasplante porque los \u00f3rganos tienen una vida, 15-20 a\u00f1os, a veces menos<\/strong>\u00bb. Presume de que puede hacer una vida normal, aunque con medicaci\u00f3n y muy controlado. Recuerda que despu\u00e9s del trasplante, que fue el 11 de diciembre del 2011, cogi\u00f3 un citomegalovirus. Pero este hombre que trabaj\u00f3 toda su vida en los astilleros Hijos de J. Barreras hasta su prejubilaci\u00f3n, se recuper\u00f3 y desde entonces forma parte de la familia de Adrovi.<\/p>\n\n\n\n<figure class=\"wp-block-image\"><img decoding=\"async\" src=\"https:\/\/img.lavdg.com\/sc\/L3Qy0o4w54gwC_en_IFe45vluhA=\/480x\/2026\/03\/25\/00121774451281268770356\/Foto\/PM26C5F1_16555.jpg\" alt=\"El acto por el D\u00eda Nacional del Trasplante se celebr\u00f3 este mi\u00e9rcoles en Pontevedra en el jard\u00edn del Provincial, junto al monumento al donante (a la derecha)\"\/><\/figure>\n\n\n\n<p>El acto por el D\u00eda Nacional del Trasplante se celebr\u00f3 este mi\u00e9rcoles en Pontevedra en el jard\u00edn del Provincial, junto al monumento al donante (a la derecha)&nbsp;<strong>MIGUEL PUEBLA<\/strong><\/p>\n\n\n\n<h2 class=\"wp-block-heading\">Destacan en Pontevedra la labor de la coordinaci\u00f3n de trasplantes para que la vida siga<\/h2>\n\n\n\n<p>Homenaje al trabajo de unos equipos que \u00abtrasciende lo profesional\u00bb<\/p>\n\n\n\n<p>Hubo quien pens\u00f3 y dijo en voz alta que estaban pidiendo dinero. Pero no. Este mi\u00e9rcoles se celebr\u00f3 en el jard\u00edn del Hospital Provincial de Pontevedra, junto al monumento a los donantes, un acto por el D\u00eda Nacional del Trasplante. All\u00ed se dieron cita miembros de asociaciones como&nbsp;<strong>Adrovi, Alcer o Detradi<\/strong>, junto a responsables sanitarios. Fue algo sencillo y breve que llam\u00f3 la atenci\u00f3n de algunos viandantes y donde se puso el foco en los equipos de coordinaci\u00f3n de trasplantes y en las instrucciones previas. El primero en tomar la palabra fue el presidente de Adrovi, la Asociaci\u00f3n de Donantes y Receptores de \u00d3rganos de Vigo, Celso Garc\u00eda. Incansable en su labor de concienciaci\u00f3n, sabe bien de lo que habla. Hace veintiocho a\u00f1os recibi\u00f3 un trasplante de h\u00edgado.<\/p>\n\n\n\n<p>Subray\u00f3 que en este 25 de marzo lo que toca es expresar el agradecimiento a los coordinadores de trasplantes. Dijo que su labor \u00abtrasciende lo profesional\u00bb: \u00abRepresentan la calma en medio del duelo y la precisi\u00f3n log\u00edstica que permite que el milagro de la vida contin\u00fae\u00bb. Celso Garc\u00eda les dio las gracias por su compromiso inquebrantable, por su capacidad para transformar la generosidad de los donantes en una realidad tangible para los receptores, y por mantener a Espa\u00f1a en la vanguardia de la solidaridad mundial.<\/p>\n\n\n\n<p>Insisti\u00f3 la cara m\u00e1s visible de Adrovi en que detr\u00e1s de cada trasplante hay \u00abuna coordinaci\u00f3n impecable\u00bb y \u00abun coraz\u00f3n entregado\u00bb. Aunque esta vez no hab\u00eda miembros de la Oficina de Coordinaci\u00f3n de Trasplantes (OCT) del \u00e1rea sanitaria en el acto del Provincial, hizo hincapi\u00e9 Celso Garc\u00eda en que esta figura&nbsp;<strong>no se dedica solo a gestionar una lista o un quir\u00f3fano<\/strong>. \u00abEs saber escuchar el silencio de una familia, abrazar con las palabras correctas y trabajar a contrarreloj para que la esperanza no se apague\u00bb, afirm\u00f3.<\/p>\n\n\n\n<p>Se despidi\u00f3 dejando claro que lo que se celebraba este mi\u00e9rcoles es la \u00abcapacidad de amoldamiento\u00bb y \u00abhumanidad\u00bb de estos profesionales. Les llam\u00f3 \u00ab<strong>arquitectos de las segundas oportunidades<\/strong>\u00bb: \u00abGracias por no rendiros nunca, por las horas de guardia y por ser el alma de nuestro sistema sanitario\u00bb.<\/p>\n\n\n\n<p>Desde el jard\u00edn tambi\u00e9n intervino la concejala y teniente de alcalde de Pontevedra<strong>&nbsp;Eva Vilaverde<\/strong>. Expuso su admiraci\u00f3n por el excelente trabajo de equipo que se realiza en la coordinaci\u00f3n de trasplantes y aprovech\u00f3 para hacer una defensa de la sanidad p\u00fablica.<\/p>\n\n\n\n<p>Se encarg\u00f3 de cerrar el acto la directora territorial de Sanidade en Pontevedra,&nbsp;<strong>Natalia Botana<\/strong>. Sus primeras palabras fueron para las asociaciones, a las que defini\u00f3 como el \u00abmotor de la sensibilizaci\u00f3n\u00bb para donar \u00f3rganos. Tambi\u00e9n se acord\u00f3 de las familias de los donantes y de \u00absu generosidad altruista\u00bb, que permite poner en marcha todo el engranaje del sistema sanitario con el m\u00e1ximo respeto. Subray\u00f3 que la donaci\u00f3n es un acto de generosidad, pero que se puede planificar a trav\u00e9s del documento de instrucciones previas o testamento vital, un tr\u00e1mite que se puede formalizar en los tres hospitales p\u00fablicos del \u00e1rea sanitaria, en la Delegaci\u00f3n Territorial de la Xunta y en algunos centros de salud, adem\u00e1s de en la p\u00e1gina web de la conseller\u00eda.<\/p>\n\n\n\n<p>Un documento que permite, se\u00f1al\u00f3, dejar por escrito el deseo de un ciudadano para cuando ya no tenga la capacidad de tomar esa decisi\u00f3n. Otra v\u00eda, record\u00f3 Natalia Botana, son los carn\u00e9s de donante de \u00f3rganos de la&nbsp;Axencia de Doaz\u00f3n de \u00d3rganos e Sangue&nbsp;(ADOS) de Galicia.<\/p>\n","protected":false},"excerpt":{"rendered":"<p>Manuel Mart\u00ednez P\u00e9rez recibi\u00f3 un ri\u00f1\u00f3n hace 14 a\u00f1os: \u00abHay que dar ejemplo a la sociedad\u00bb Cristina Barral VIGO CIUDAD Manuel Mart\u00ednez P\u00e9rez, con la bata blanca de la asociaci\u00f3n Adrovi, este mi\u00e9rcoles en el exterior del Hospital Provincial de &hellip; <a href=\"https:\/\/www.adrovi.org\/web\/dia-nacional-del-trasplante-2\/\">Sigue leyendo <span class=\"meta-nav\">&rarr;<\/span><\/a><\/p>\n","protected":false},"author":1,"featured_media":0,"comment_status":"open","ping_status":"open","sticky":true,"template":"","format":"standard","meta":{"footnotes":""},"categories":[20,10,1],"tags":[],"class_list":["post-3215","post","type-post","status-publish","format-standard","hentry","category-actividades","category-enlaces","category-capanas"],"_links":{"self":[{"href":"https:\/\/www.adrovi.org\/web\/wp-json\/wp\/v2\/posts\/3215","targetHints":{"allow":["GET"]}}],"collection":[{"href":"https:\/\/www.adrovi.org\/web\/wp-json\/wp\/v2\/posts"}],"about":[{"href":"https:\/\/www.adrovi.org\/web\/wp-json\/wp\/v2\/types\/post"}],"author":[{"embeddable":true,"href":"https:\/\/www.adrovi.org\/web\/wp-json\/wp\/v2\/users\/1"}],"replies":[{"embeddable":true,"href":"https:\/\/www.adrovi.org\/web\/wp-json\/wp\/v2\/comments?post=3215"}],"version-history":[{"count":1,"href":"https:\/\/www.adrovi.org\/web\/wp-json\/wp\/v2\/posts\/3215\/revisions"}],"predecessor-version":[{"id":3217,"href":"https:\/\/www.adrovi.org\/web\/wp-json\/wp\/v2\/posts\/3215\/revisions\/3217"}],"wp:attachment":[{"href":"https:\/\/www.adrovi.org\/web\/wp-json\/wp\/v2\/media?parent=3215"}],"wp:term":[{"taxonomy":"category","embeddable":true,"href":"https:\/\/www.adrovi.org\/web\/wp-json\/wp\/v2\/categories?post=3215"},{"taxonomy":"post_tag","embeddable":true,"href":"https:\/\/www.adrovi.org\/web\/wp-json\/wp\/v2\/tags?post=3215"}],"curies":[{"name":"wp","href":"https:\/\/api.w.org\/{rel}","templated":true}]}}